
{"id":1603,"date":"2021-06-07T11:14:57","date_gmt":"2021-06-07T09:14:57","guid":{"rendered":"https:\/\/przedszkole2.edu.wroclaw.pl\/?p=1603"},"modified":"2021-06-07T11:20:09","modified_gmt":"2021-06-07T09:20:09","slug":"1603","status":"publish","type":"post","link":"https:\/\/przedszkole2.edu.wroclaw.pl\/index.php\/2021\/06\/07\/1603\/","title":{"rendered":"Zabawa z muzyk\u0105 i ta\u0144cem w &#8222;Tajemniczym Ogrodzie&#8221;"},"content":{"rendered":"<div class=\"wpb-content-wrapper\"><p>[vc_row][vc_column][vc_column_text]<strong>W dniu 09.06.2021 (\u015broda) dzieci z naszego przedszkola wezm\u0105 udzia\u0142 we wsp\u00f3lnej zabawie integracyjnej z muzyk\u0105 i ta\u0144cem w<\/strong><\/p>\n<p><strong>\u201eWszystkie dzieci nasze s\u0105.\u201d<\/strong><\/p>\n<p>Zabawy rozpoczn\u0105 si\u0119 po obiedzie. Prosimy o przygotowanie dla dzieci wygodnego i odpowiedniego do warunk\u00f3w atmosferycznych stroju sportowego, czapk\u0119 lub kapelusz.<\/p>\n<p>Animacje artystyczne finansowane ze \u015brodk\u00f3w Miasta w ramach projektu \u201eMamo, Tato- pobaw si\u0119 ze mn\u0105!\u201d<img loading=\"lazy\" decoding=\"async\" class=\"alignnone size-medium wp-image-1580\" src=\"https:\/\/przedszkole2.edu.wroclaw.pl\/wp-content\/uploads\/sites\/22\/2021\/06\/unnamed99-300x158.jpg\" alt=\"\" width=\"300\" height=\"158\" srcset=\"https:\/\/przedszkole2.edu.wroclaw.pl\/wp-content\/uploads\/sites\/22\/2021\/06\/unnamed99-300x158.jpg 300w, https:\/\/przedszkole2.edu.wroclaw.pl\/wp-content\/uploads\/sites\/22\/2021\/06\/unnamed99.jpg 309w\" sizes=\"auto, (max-width: 300px) 100vw, 300px\" \/>[\/vc_column_text][\/vc_column][\/vc_row]<\/p>\n<\/div>","protected":false},"excerpt":{"rendered":"<p>[vc_row][vc_column][vc_column_text]W dniu 09.06.2021 (\u015broda) dzieci z naszego przedszkola wezm\u0105 udzia\u0142 we wsp\u00f3lnej zabawie integracyjnej z muzyk\u0105 i ta\u0144cem w \u201eWszystkie dzieci nasze s\u0105.\u201d Zabawy rozpoczn\u0105 si\u0119 po obiedzie. Prosimy o [&hellip;]<\/p>\n","protected":false},"author":152,"featured_media":0,"comment_status":"closed","ping_status":"open","sticky":false,"template":"","format":"standard","meta":{"ngg_post_thumbnail":0,"footnotes":""},"categories":[1],"tags":[],"class_list":["post-1603","post","type-post","status-publish","format-standard","hentry","category-aktualnosci","clearfix"],"_links":{"self":[{"href":"https:\/\/przedszkole2.edu.wroclaw.pl\/index.php\/wp-json\/wp\/v2\/posts\/1603","targetHints":{"allow":["GET"]}}],"collection":[{"href":"https:\/\/przedszkole2.edu.wroclaw.pl\/index.php\/wp-json\/wp\/v2\/posts"}],"about":[{"href":"https:\/\/przedszkole2.edu.wroclaw.pl\/index.php\/wp-json\/wp\/v2\/types\/post"}],"author":[{"embeddable":true,"href":"https:\/\/przedszkole2.edu.wroclaw.pl\/index.php\/wp-json\/wp\/v2\/users\/152"}],"replies":[{"embeddable":true,"href":"https:\/\/przedszkole2.edu.wroclaw.pl\/index.php\/wp-json\/wp\/v2\/comments?post=1603"}],"version-history":[{"count":3,"href":"https:\/\/przedszkole2.edu.wroclaw.pl\/index.php\/wp-json\/wp\/v2\/posts\/1603\/revisions"}],"predecessor-version":[{"id":1606,"href":"https:\/\/przedszkole2.edu.wroclaw.pl\/index.php\/wp-json\/wp\/v2\/posts\/1603\/revisions\/1606"}],"wp:attachment":[{"href":"https:\/\/przedszkole2.edu.wroclaw.pl\/index.php\/wp-json\/wp\/v2\/media?parent=1603"}],"wp:term":[{"taxonomy":"category","embeddable":true,"href":"https:\/\/przedszkole2.edu.wroclaw.pl\/index.php\/wp-json\/wp\/v2\/categories?post=1603"},{"taxonomy":"post_tag","embeddable":true,"href":"https:\/\/przedszkole2.edu.wroclaw.pl\/index.php\/wp-json\/wp\/v2\/tags?post=1603"}],"curies":[{"name":"wp","href":"https:\/\/api.w.org\/{rel}","templated":true}]}}