
{"id":1634,"date":"2021-06-16T13:24:32","date_gmt":"2021-06-16T11:24:32","guid":{"rendered":"https:\/\/przedszkole2.edu.wroclaw.pl\/?p=1634"},"modified":"2021-06-16T13:25:07","modified_gmt":"2021-06-16T11:25:07","slug":"wycieczka-do-wioski-indianskiej-tipi-town-w-kamiencu-wroclawskim","status":"publish","type":"post","link":"https:\/\/przedszkole2.edu.wroclaw.pl\/index.php\/2021\/06\/16\/wycieczka-do-wioski-indianskiej-tipi-town-w-kamiencu-wroclawskim\/","title":{"rendered":"Wycieczka do Wioski India\u0144skiej Tipi Town w Kamie\u0144cu Wroc\u0142awskim."},"content":{"rendered":"<div class=\"wpb-content-wrapper\"><p>[vc_row][vc_column][vc_column_text]W dniu 17.06.2021 (czwartek) odb\u0119dzie si\u0119 wycieczka do Wioski India\u0144skiej Tipi Town w Kamie\u0144cu Wroc\u0142awskim.<\/p>\n<p><img loading=\"lazy\" decoding=\"async\" class=\"wp-image-1635 alignright\" src=\"https:\/\/przedszkole2.edu.wroclaw.pl\/wp-content\/uploads\/sites\/22\/2021\/06\/szkolne-wycieczki-macierzynstwo-300x196.jpg\" alt=\"\" width=\"145\" height=\"95\" srcset=\"https:\/\/przedszkole2.edu.wroclaw.pl\/wp-content\/uploads\/sites\/22\/2021\/06\/szkolne-wycieczki-macierzynstwo-300x196.jpg 300w, https:\/\/przedszkole2.edu.wroclaw.pl\/wp-content\/uploads\/sites\/22\/2021\/06\/szkolne-wycieczki-macierzynstwo-1024x670.jpg 1024w, https:\/\/przedszkole2.edu.wroclaw.pl\/wp-content\/uploads\/sites\/22\/2021\/06\/szkolne-wycieczki-macierzynstwo-768x502.jpg 768w, https:\/\/przedszkole2.edu.wroclaw.pl\/wp-content\/uploads\/sites\/22\/2021\/06\/szkolne-wycieczki-macierzynstwo-600x393.jpg 600w, https:\/\/przedszkole2.edu.wroclaw.pl\/wp-content\/uploads\/sites\/22\/2021\/06\/szkolne-wycieczki-macierzynstwo.jpg 1200w\" sizes=\"auto, (max-width: 145px) 100vw, 145px\" \/><\/p>\n<p><strong>W tym dniu dzieci przyprowadzamy do godziny 7.45, \u015bniadanie 8.00 wyjazd 8.30. Planowany powr\u00f3t oko\u0142o godziny 13.30.<\/strong><\/p>\n<p>Dzieci wezm\u0105 udzia\u0142 w warsztatach tematycznych, grach i zabawach integracyjno- sportowych.<\/p>\n<p>W zwi\u0105zku z prognoz\u0105 pogody, wysokimi temperaturami s\u0142o\u0144cem prosimy o ubranie dzieci w odpowiedni str\u00f3j i nakrycia g\u0142owy- czapka, kapelusz.<\/p>\n<p>Do plecaczka prosz\u0119 spakowa\u0107 drobn\u0105 przek\u0105sk\u0119 i koniecznie butelk\u0119 wody,\u00a0 b\u0119dzie chwila na piknik. Kuchnia przygotuje dla dzieci posi\u0142ek w postaci mini burger\u00f3w.<\/p>\n<p>Do przedszkola wracamy na zup\u0119 i podwieczorek.<\/p>\n<p>Koszt autokaru p\u0142atne z Funduszu Rady Rodzic\u00f3w.[\/vc_column_text][\/vc_column][\/vc_row]<\/p>\n<\/div>","protected":false},"excerpt":{"rendered":"<p>[vc_row][vc_column][vc_column_text]W dniu 17.06.2021 (czwartek) odb\u0119dzie si\u0119 wycieczka do Wioski India\u0144skiej Tipi Town w Kamie\u0144cu Wroc\u0142awskim. W tym dniu dzieci przyprowadzamy do godziny 7.45, \u015bniadanie 8.00 wyjazd 8.30. Planowany powr\u00f3t oko\u0142o [&hellip;]<\/p>\n","protected":false},"author":152,"featured_media":0,"comment_status":"closed","ping_status":"open","sticky":false,"template":"","format":"standard","meta":{"ngg_post_thumbnail":0,"footnotes":""},"categories":[1],"tags":[],"class_list":["post-1634","post","type-post","status-publish","format-standard","hentry","category-aktualnosci","clearfix"],"_links":{"self":[{"href":"https:\/\/przedszkole2.edu.wroclaw.pl\/index.php\/wp-json\/wp\/v2\/posts\/1634","targetHints":{"allow":["GET"]}}],"collection":[{"href":"https:\/\/przedszkole2.edu.wroclaw.pl\/index.php\/wp-json\/wp\/v2\/posts"}],"about":[{"href":"https:\/\/przedszkole2.edu.wroclaw.pl\/index.php\/wp-json\/wp\/v2\/types\/post"}],"author":[{"embeddable":true,"href":"https:\/\/przedszkole2.edu.wroclaw.pl\/index.php\/wp-json\/wp\/v2\/users\/152"}],"replies":[{"embeddable":true,"href":"https:\/\/przedszkole2.edu.wroclaw.pl\/index.php\/wp-json\/wp\/v2\/comments?post=1634"}],"version-history":[{"count":1,"href":"https:\/\/przedszkole2.edu.wroclaw.pl\/index.php\/wp-json\/wp\/v2\/posts\/1634\/revisions"}],"predecessor-version":[{"id":1636,"href":"https:\/\/przedszkole2.edu.wroclaw.pl\/index.php\/wp-json\/wp\/v2\/posts\/1634\/revisions\/1636"}],"wp:attachment":[{"href":"https:\/\/przedszkole2.edu.wroclaw.pl\/index.php\/wp-json\/wp\/v2\/media?parent=1634"}],"wp:term":[{"taxonomy":"category","embeddable":true,"href":"https:\/\/przedszkole2.edu.wroclaw.pl\/index.php\/wp-json\/wp\/v2\/categories?post=1634"},{"taxonomy":"post_tag","embeddable":true,"href":"https:\/\/przedszkole2.edu.wroclaw.pl\/index.php\/wp-json\/wp\/v2\/tags?post=1634"}],"curies":[{"name":"wp","href":"https:\/\/api.w.org\/{rel}","templated":true}]}}