
{"id":1637,"date":"2021-06-16T13:58:30","date_gmt":"2021-06-16T11:58:30","guid":{"rendered":"https:\/\/przedszkole2.edu.wroclaw.pl\/?p=1637"},"modified":"2021-06-16T14:00:21","modified_gmt":"2021-06-16T12:00:21","slug":"aktywny-dzien-z-malymi-wspanialymi","status":"publish","type":"post","link":"https:\/\/przedszkole2.edu.wroclaw.pl\/index.php\/2021\/06\/16\/aktywny-dzien-z-malymi-wspanialymi\/","title":{"rendered":"\u201eAktywny dzie\u0144 z Ma\u0142ymi Wspania\u0142ymi\u201d"},"content":{"rendered":"<div class=\"wpb-content-wrapper\"><p>[vc_row][vc_column][vc_column_text]<strong><img loading=\"lazy\" decoding=\"async\" class=\"wp-image-1638 aligncenter\" src=\"https:\/\/przedszkole2.edu.wroclaw.pl\/wp-content\/uploads\/sites\/22\/2021\/06\/mali1-300x167.jpg\" alt=\"\" width=\"176\" height=\"98\" srcset=\"https:\/\/przedszkole2.edu.wroclaw.pl\/wp-content\/uploads\/sites\/22\/2021\/06\/mali1-300x167.jpg 300w, https:\/\/przedszkole2.edu.wroclaw.pl\/wp-content\/uploads\/sites\/22\/2021\/06\/mali1-768x427.jpg 768w, https:\/\/przedszkole2.edu.wroclaw.pl\/wp-content\/uploads\/sites\/22\/2021\/06\/mali1-600x333.jpg 600w, https:\/\/przedszkole2.edu.wroclaw.pl\/wp-content\/uploads\/sites\/22\/2021\/06\/mali1.jpg 923w\" sizes=\"auto, (max-width: 176px) 100vw, 176px\" \/><\/strong><\/p>\n<p><strong>W dniu 18.06.2021 (pi\u0105tek) dzieci wezm\u0105 udzia\u0142 w rozgrywkach i grach sportowo- ruchowych prowadzonych przez instruktor\u00f3w w ramach programu \u201eMali Wspaniali\u201d<\/strong><\/p>\n<p>Mi\u0119dzy innymi b\u0119dzie mo\u017cliwo\u015b\u0107 skorzystania z ma\u0142ego toru przeszk\u00f3d, rzut\u00f3w do celu, aktywnych \u0107wicze\u0144 zach\u0119caj\u0105cych dzieci do wzajemnej wsp\u00f3\u0142pracy, czy przetestowania poznanych element\u00f3w karate. Zadania s\u0105 r\u00f3\u017cnorodne i pozwalaj\u0105 dzieciom na odetchni\u0119cie mi\u0119dzy intensywniejszymi momentami.<\/p>\n<p><strong>Prosimy o ubranie dzieci w wygodny str\u00f3j sportowy <\/strong><\/p>\n<p><strong>i nakrycie g\u0142owy.<\/strong>[\/vc_column_text][\/vc_column][\/vc_row]<\/p>\n<\/div>","protected":false},"excerpt":{"rendered":"<p>[vc_row][vc_column][vc_column_text] W dniu 18.06.2021 (pi\u0105tek) dzieci wezm\u0105 udzia\u0142 w rozgrywkach i grach sportowo- ruchowych prowadzonych przez instruktor\u00f3w w ramach programu \u201eMali Wspaniali\u201d Mi\u0119dzy innymi b\u0119dzie mo\u017cliwo\u015b\u0107 skorzystania z ma\u0142ego toru [&hellip;]<\/p>\n","protected":false},"author":152,"featured_media":0,"comment_status":"closed","ping_status":"open","sticky":false,"template":"","format":"standard","meta":{"ngg_post_thumbnail":0,"footnotes":""},"categories":[1],"tags":[],"class_list":["post-1637","post","type-post","status-publish","format-standard","hentry","category-aktualnosci","clearfix"],"_links":{"self":[{"href":"https:\/\/przedszkole2.edu.wroclaw.pl\/index.php\/wp-json\/wp\/v2\/posts\/1637","targetHints":{"allow":["GET"]}}],"collection":[{"href":"https:\/\/przedszkole2.edu.wroclaw.pl\/index.php\/wp-json\/wp\/v2\/posts"}],"about":[{"href":"https:\/\/przedszkole2.edu.wroclaw.pl\/index.php\/wp-json\/wp\/v2\/types\/post"}],"author":[{"embeddable":true,"href":"https:\/\/przedszkole2.edu.wroclaw.pl\/index.php\/wp-json\/wp\/v2\/users\/152"}],"replies":[{"embeddable":true,"href":"https:\/\/przedszkole2.edu.wroclaw.pl\/index.php\/wp-json\/wp\/v2\/comments?post=1637"}],"version-history":[{"count":1,"href":"https:\/\/przedszkole2.edu.wroclaw.pl\/index.php\/wp-json\/wp\/v2\/posts\/1637\/revisions"}],"predecessor-version":[{"id":1639,"href":"https:\/\/przedszkole2.edu.wroclaw.pl\/index.php\/wp-json\/wp\/v2\/posts\/1637\/revisions\/1639"}],"wp:attachment":[{"href":"https:\/\/przedszkole2.edu.wroclaw.pl\/index.php\/wp-json\/wp\/v2\/media?parent=1637"}],"wp:term":[{"taxonomy":"category","embeddable":true,"href":"https:\/\/przedszkole2.edu.wroclaw.pl\/index.php\/wp-json\/wp\/v2\/categories?post=1637"},{"taxonomy":"post_tag","embeddable":true,"href":"https:\/\/przedszkole2.edu.wroclaw.pl\/index.php\/wp-json\/wp\/v2\/tags?post=1637"}],"curies":[{"name":"wp","href":"https:\/\/api.w.org\/{rel}","templated":true}]}}