
{"id":1651,"date":"2021-06-29T12:21:00","date_gmt":"2021-06-29T10:21:00","guid":{"rendered":"https:\/\/przedszkole2.edu.wroclaw.pl\/?p=1651"},"modified":"2021-06-29T12:21:56","modified_gmt":"2021-06-29T10:21:56","slug":"wakcynie-zyczenia-przerwa-wakacyjna-lipiec-2021","status":"publish","type":"post","link":"https:\/\/przedszkole2.edu.wroclaw.pl\/index.php\/2021\/06\/29\/wakcynie-zyczenia-przerwa-wakacyjna-lipiec-2021\/","title":{"rendered":"Wakacyjne \u017byczenia &#8211; przerwa wakacyjna Lipiec 2021"},"content":{"rendered":"<div class=\"wpb-content-wrapper\"><p>[vc_row][vc_column][vc_column_text]Kochane przedszkolaki i drodzy rodzice!<\/p>\n<p>Dzi\u0119kujemy za wsp\u00f3lnie sp\u0119dzony rok, \u017cyczymy udanych wakacji, wypoczynku s\u0142o\u0144ca i u\u015bmiechu.<\/p>\n<p>Dyrekcja i personel Przedszkola nr 2 &#8222;Tajemniczy Ogr\u00f3d&#8221;<\/p>\n<p>Do zobaczenia po wakacjach!<img loading=\"lazy\" decoding=\"async\" class=\"size-medium wp-image-1652 aligncenter\" src=\"https:\/\/przedszkole2.edu.wroclaw.pl\/wp-content\/uploads\/sites\/22\/2021\/06\/2a52616be612393bb96a65952c189bc3-300x256.png\" alt=\"\" width=\"300\" height=\"256\" srcset=\"https:\/\/przedszkole2.edu.wroclaw.pl\/wp-content\/uploads\/sites\/22\/2021\/06\/2a52616be612393bb96a65952c189bc3-300x256.png 300w, https:\/\/przedszkole2.edu.wroclaw.pl\/wp-content\/uploads\/sites\/22\/2021\/06\/2a52616be612393bb96a65952c189bc3.png 562w\" sizes=\"auto, (max-width: 300px) 100vw, 300px\" \/>[\/vc_column_text][\/vc_column][\/vc_row]<\/p>\n<\/div>","protected":false},"excerpt":{"rendered":"<p>[vc_row][vc_column][vc_column_text]Kochane przedszkolaki i drodzy rodzice! Dzi\u0119kujemy za wsp\u00f3lnie sp\u0119dzony rok, \u017cyczymy udanych wakacji, wypoczynku s\u0142o\u0144ca i u\u015bmiechu. Dyrekcja i personel Przedszkola nr 2 &#8222;Tajemniczy Ogr\u00f3d&#8221; Do zobaczenia po wakacjach![\/vc_column_text][\/vc_column][\/vc_row]<\/p>\n","protected":false},"author":152,"featured_media":0,"comment_status":"closed","ping_status":"open","sticky":false,"template":"","format":"standard","meta":{"ngg_post_thumbnail":0,"footnotes":""},"categories":[1],"tags":[],"class_list":["post-1651","post","type-post","status-publish","format-standard","hentry","category-aktualnosci","clearfix"],"_links":{"self":[{"href":"https:\/\/przedszkole2.edu.wroclaw.pl\/index.php\/wp-json\/wp\/v2\/posts\/1651","targetHints":{"allow":["GET"]}}],"collection":[{"href":"https:\/\/przedszkole2.edu.wroclaw.pl\/index.php\/wp-json\/wp\/v2\/posts"}],"about":[{"href":"https:\/\/przedszkole2.edu.wroclaw.pl\/index.php\/wp-json\/wp\/v2\/types\/post"}],"author":[{"embeddable":true,"href":"https:\/\/przedszkole2.edu.wroclaw.pl\/index.php\/wp-json\/wp\/v2\/users\/152"}],"replies":[{"embeddable":true,"href":"https:\/\/przedszkole2.edu.wroclaw.pl\/index.php\/wp-json\/wp\/v2\/comments?post=1651"}],"version-history":[{"count":2,"href":"https:\/\/przedszkole2.edu.wroclaw.pl\/index.php\/wp-json\/wp\/v2\/posts\/1651\/revisions"}],"predecessor-version":[{"id":1654,"href":"https:\/\/przedszkole2.edu.wroclaw.pl\/index.php\/wp-json\/wp\/v2\/posts\/1651\/revisions\/1654"}],"wp:attachment":[{"href":"https:\/\/przedszkole2.edu.wroclaw.pl\/index.php\/wp-json\/wp\/v2\/media?parent=1651"}],"wp:term":[{"taxonomy":"category","embeddable":true,"href":"https:\/\/przedszkole2.edu.wroclaw.pl\/index.php\/wp-json\/wp\/v2\/categories?post=1651"},{"taxonomy":"post_tag","embeddable":true,"href":"https:\/\/przedszkole2.edu.wroclaw.pl\/index.php\/wp-json\/wp\/v2\/tags?post=1651"}],"curies":[{"name":"wp","href":"https:\/\/api.w.org\/{rel}","templated":true}]}}