
{"id":6045,"date":"2022-12-13T16:18:04","date_gmt":"2022-12-13T15:18:04","guid":{"rendered":"https:\/\/przedszkole2.edu.wroclaw.pl\/?p=6045"},"modified":"2022-12-15T15:55:38","modified_gmt":"2022-12-15T14:55:38","slug":"konkursowa-choinka","status":"publish","type":"post","link":"https:\/\/przedszkole2.edu.wroclaw.pl\/index.php\/2022\/12\/13\/konkursowa-choinka\/","title":{"rendered":"Konkursowa choinka"},"content":{"rendered":"<div class=\"wpb-content-wrapper\"><p>[vc_row][vc_column][vc_column_text]<\/p>\n<p style=\"text-align: center\">Szanowni Rodzice!<\/p>\n<p>Ju\u017c od 10 grudnia mo\u017cna oddawa\u0107 g\u0142osy na nasz\u0105 choink\u0119, kt\u00f3ra znajduje si\u0119 na wystawie w Centrum Handlowym &#8222;Korona&#8221;.<\/p>\n<p>W ubieg\u0142ym tygodniu dzieci z grupy &#8222;Ogrodnicy&#8221; ci\u0119\u017cko pracowa\u0142y i bardzo si\u0119 stara\u0142y, \u017ceby godnie reprezentowa\u0107 nasze przedszkole.<\/p>\n<p>Dlatego bardzo prosimy o Pa\u0144stwa g\u0142osy na portalu Facebook.com Centrum Handlowego &#8222;Korona&#8221;, poprzez zostawienie komentarza ze zdj\u0119ciem pod nasz\u0105 choink\u0105. Na zdj\u0119ciu musi by\u0107 widoczna twarz osoby, kt\u00f3ra komentarz umieszcza oraz nasza choinka.<\/p>\n<p>G\u0142os mo\u017cna odda\u0107 tylko 1 raz, wi\u0119c prosimy o rozsy\u0142anie wiadomo\u015bci do rodziny i znajomych. Za 3 pierwsze miejsca przewidziane s\u0105 nagrody pieni\u0119\u017cne dla przedszkola.<\/p>\n<p>&nbsp;<\/p>\n<p>&nbsp;<\/p>\n<p>[\/vc_column_text][\/vc_column][\/vc_row]<\/p>\n<\/div>","protected":false},"excerpt":{"rendered":"<p>[vc_row][vc_column][vc_column_text] Szanowni Rodzice! Ju\u017c od 10 grudnia mo\u017cna oddawa\u0107 g\u0142osy na nasz\u0105 choink\u0119, kt\u00f3ra znajduje si\u0119 na wystawie w Centrum Handlowym &#8222;Korona&#8221;. W ubieg\u0142ym tygodniu dzieci z grupy &#8222;Ogrodnicy&#8221; ci\u0119\u017cko [&hellip;]<\/p>\n","protected":false},"author":358,"featured_media":6051,"comment_status":"closed","ping_status":"open","sticky":false,"template":"","format":"standard","meta":{"ngg_post_thumbnail":0,"footnotes":""},"categories":[1],"tags":[],"class_list":["post-6045","post","type-post","status-publish","format-standard","has-post-thumbnail","hentry","category-aktualnosci","clearfix"],"_links":{"self":[{"href":"https:\/\/przedszkole2.edu.wroclaw.pl\/index.php\/wp-json\/wp\/v2\/posts\/6045","targetHints":{"allow":["GET"]}}],"collection":[{"href":"https:\/\/przedszkole2.edu.wroclaw.pl\/index.php\/wp-json\/wp\/v2\/posts"}],"about":[{"href":"https:\/\/przedszkole2.edu.wroclaw.pl\/index.php\/wp-json\/wp\/v2\/types\/post"}],"author":[{"embeddable":true,"href":"https:\/\/przedszkole2.edu.wroclaw.pl\/index.php\/wp-json\/wp\/v2\/users\/358"}],"replies":[{"embeddable":true,"href":"https:\/\/przedszkole2.edu.wroclaw.pl\/index.php\/wp-json\/wp\/v2\/comments?post=6045"}],"version-history":[{"count":2,"href":"https:\/\/przedszkole2.edu.wroclaw.pl\/index.php\/wp-json\/wp\/v2\/posts\/6045\/revisions"}],"predecessor-version":[{"id":6047,"href":"https:\/\/przedszkole2.edu.wroclaw.pl\/index.php\/wp-json\/wp\/v2\/posts\/6045\/revisions\/6047"}],"wp:featuredmedia":[{"embeddable":true,"href":"https:\/\/przedszkole2.edu.wroclaw.pl\/index.php\/wp-json\/wp\/v2\/media\/6051"}],"wp:attachment":[{"href":"https:\/\/przedszkole2.edu.wroclaw.pl\/index.php\/wp-json\/wp\/v2\/media?parent=6045"}],"wp:term":[{"taxonomy":"category","embeddable":true,"href":"https:\/\/przedszkole2.edu.wroclaw.pl\/index.php\/wp-json\/wp\/v2\/categories?post=6045"},{"taxonomy":"post_tag","embeddable":true,"href":"https:\/\/przedszkole2.edu.wroclaw.pl\/index.php\/wp-json\/wp\/v2\/tags?post=6045"}],"curies":[{"name":"wp","href":"https:\/\/api.w.org\/{rel}","templated":true}]}}