
{"id":8495,"date":"2024-09-25T12:24:14","date_gmt":"2024-09-25T10:24:14","guid":{"rendered":"https:\/\/przedszkole2.edu.wroclaw.pl\/?p=8495"},"modified":"2024-09-25T17:48:01","modified_gmt":"2024-09-25T15:48:01","slug":"tydzien-szczescia","status":"publish","type":"post","link":"https:\/\/przedszkole2.edu.wroclaw.pl\/index.php\/2024\/09\/25\/tydzien-szczescia\/","title":{"rendered":"Tydzie\u0144 Szcz\u0119\u015bcia"},"content":{"rendered":"<p>W dniach 25.09 &#8211; 02.10.2024 trwa w naszym przedszkolu &#8222;Tydzie\u0144 Szcz\u0119\u015bcia&#8221;. Zaj\u0119cia edukacyjne prowadzone przez specjalist\u00f3w zatrudnionych w przedszkolu maj\u0105 na celu zwr\u00f3cenie uwagi na dobrostan i poczucie szcz\u0119\u015bcia.<\/p>\n<p>Zach\u0119camy rodzic\u00f3w do zabawy &#8211; przy wej\u015bciu do szatni znajduj\u0105 si\u0119 koniczyny. Prosimy o zapisanie na nich sentencji o szcz\u0119\u015bciu i wrzucenie jej do koszyka. Za tydzie\u0144 dzieci b\u0119d\u0105 szuka\u0107 koniczynek z sentencjami w naszym Tajemniczym Ogrodzie.<\/p>\n","protected":false},"excerpt":{"rendered":"<p>W dniach 25.09 &#8211; 02.10.2024 trwa w naszym przedszkolu &#8222;Tydzie\u0144 Szcz\u0119\u015bcia&#8221;. Zaj\u0119cia edukacyjne prowadzone przez specjalist\u00f3w zatrudnionych w przedszkolu maj\u0105 na celu zwr\u00f3cenie uwagi na dobrostan i poczucie szcz\u0119\u015bcia. Zach\u0119camy [&hellip;]<\/p>\n","protected":false},"author":256,"featured_media":8496,"comment_status":"closed","ping_status":"open","sticky":false,"template":"","format":"standard","meta":{"ngg_post_thumbnail":0,"footnotes":""},"categories":[1],"tags":[],"class_list":["post-8495","post","type-post","status-publish","format-standard","has-post-thumbnail","hentry","category-aktualnosci","clearfix"],"_links":{"self":[{"href":"https:\/\/przedszkole2.edu.wroclaw.pl\/index.php\/wp-json\/wp\/v2\/posts\/8495","targetHints":{"allow":["GET"]}}],"collection":[{"href":"https:\/\/przedszkole2.edu.wroclaw.pl\/index.php\/wp-json\/wp\/v2\/posts"}],"about":[{"href":"https:\/\/przedszkole2.edu.wroclaw.pl\/index.php\/wp-json\/wp\/v2\/types\/post"}],"author":[{"embeddable":true,"href":"https:\/\/przedszkole2.edu.wroclaw.pl\/index.php\/wp-json\/wp\/v2\/users\/256"}],"replies":[{"embeddable":true,"href":"https:\/\/przedszkole2.edu.wroclaw.pl\/index.php\/wp-json\/wp\/v2\/comments?post=8495"}],"version-history":[{"count":3,"href":"https:\/\/przedszkole2.edu.wroclaw.pl\/index.php\/wp-json\/wp\/v2\/posts\/8495\/revisions"}],"predecessor-version":[{"id":8499,"href":"https:\/\/przedszkole2.edu.wroclaw.pl\/index.php\/wp-json\/wp\/v2\/posts\/8495\/revisions\/8499"}],"wp:featuredmedia":[{"embeddable":true,"href":"https:\/\/przedszkole2.edu.wroclaw.pl\/index.php\/wp-json\/wp\/v2\/media\/8496"}],"wp:attachment":[{"href":"https:\/\/przedszkole2.edu.wroclaw.pl\/index.php\/wp-json\/wp\/v2\/media?parent=8495"}],"wp:term":[{"taxonomy":"category","embeddable":true,"href":"https:\/\/przedszkole2.edu.wroclaw.pl\/index.php\/wp-json\/wp\/v2\/categories?post=8495"},{"taxonomy":"post_tag","embeddable":true,"href":"https:\/\/przedszkole2.edu.wroclaw.pl\/index.php\/wp-json\/wp\/v2\/tags?post=8495"}],"curies":[{"name":"wp","href":"https:\/\/api.w.org\/{rel}","templated":true}]}}