
{"id":9934,"date":"2026-04-29T07:52:39","date_gmt":"2026-04-29T05:52:39","guid":{"rendered":"https:\/\/przedszkole2.edu.wroclaw.pl\/?p=9934"},"modified":"2026-04-29T07:52:46","modified_gmt":"2026-04-29T05:52:46","slug":"dzien-ksiazki","status":"publish","type":"post","link":"https:\/\/przedszkole2.edu.wroclaw.pl\/index.php\/2026\/04\/29\/dzien-ksiazki\/","title":{"rendered":"Dzie\u0144 Ksi\u0105\u017cki"},"content":{"rendered":"<p>W pi\u0105tek 24 kwietnia obchodzimy Dzie\u0144 Ksi\u0105\u017cki. W tym dniu dzieci wezm\u0105 udzia\u0142 w grze terenowej podczas kt\u00f3rej utrwal\u0105 wiadomo\u015bci na temat znanych i lubianych postaci z bajek.<\/p>\n","protected":false},"excerpt":{"rendered":"<p>W pi\u0105tek 24 kwietnia obchodzimy Dzie\u0144 Ksi\u0105\u017cki. W tym dniu dzieci wezm\u0105 udzia\u0142 w grze terenowej podczas kt\u00f3rej utrwal\u0105 wiadomo\u015bci na temat znanych i lubianych postaci z bajek.<\/p>\n","protected":false},"author":256,"featured_media":9935,"comment_status":"closed","ping_status":"open","sticky":false,"template":"","format":"standard","meta":{"ngg_post_thumbnail":0,"footnotes":""},"categories":[1],"tags":[],"class_list":["post-9934","post","type-post","status-publish","format-standard","has-post-thumbnail","hentry","category-aktualnosci","clearfix"],"_links":{"self":[{"href":"https:\/\/przedszkole2.edu.wroclaw.pl\/index.php\/wp-json\/wp\/v2\/posts\/9934","targetHints":{"allow":["GET"]}}],"collection":[{"href":"https:\/\/przedszkole2.edu.wroclaw.pl\/index.php\/wp-json\/wp\/v2\/posts"}],"about":[{"href":"https:\/\/przedszkole2.edu.wroclaw.pl\/index.php\/wp-json\/wp\/v2\/types\/post"}],"author":[{"embeddable":true,"href":"https:\/\/przedszkole2.edu.wroclaw.pl\/index.php\/wp-json\/wp\/v2\/users\/256"}],"replies":[{"embeddable":true,"href":"https:\/\/przedszkole2.edu.wroclaw.pl\/index.php\/wp-json\/wp\/v2\/comments?post=9934"}],"version-history":[{"count":1,"href":"https:\/\/przedszkole2.edu.wroclaw.pl\/index.php\/wp-json\/wp\/v2\/posts\/9934\/revisions"}],"predecessor-version":[{"id":9936,"href":"https:\/\/przedszkole2.edu.wroclaw.pl\/index.php\/wp-json\/wp\/v2\/posts\/9934\/revisions\/9936"}],"wp:featuredmedia":[{"embeddable":true,"href":"https:\/\/przedszkole2.edu.wroclaw.pl\/index.php\/wp-json\/wp\/v2\/media\/9935"}],"wp:attachment":[{"href":"https:\/\/przedszkole2.edu.wroclaw.pl\/index.php\/wp-json\/wp\/v2\/media?parent=9934"}],"wp:term":[{"taxonomy":"category","embeddable":true,"href":"https:\/\/przedszkole2.edu.wroclaw.pl\/index.php\/wp-json\/wp\/v2\/categories?post=9934"},{"taxonomy":"post_tag","embeddable":true,"href":"https:\/\/przedszkole2.edu.wroclaw.pl\/index.php\/wp-json\/wp\/v2\/tags?post=9934"}],"curies":[{"name":"wp","href":"https:\/\/api.w.org\/{rel}","templated":true}]}}