
{"id":9940,"date":"2026-04-29T08:01:27","date_gmt":"2026-04-29T06:01:27","guid":{"rendered":"https:\/\/przedszkole2.edu.wroclaw.pl\/?p=9940"},"modified":"2026-04-29T08:02:24","modified_gmt":"2026-04-29T06:02:24","slug":"przeglad-tancow-regionalnych-2","status":"publish","type":"post","link":"https:\/\/przedszkole2.edu.wroclaw.pl\/index.php\/2026\/04\/29\/przeglad-tancow-regionalnych-2\/","title":{"rendered":"Przegl\u0105d Ta\u0144c\u00f3w Regionalnych"},"content":{"rendered":"<p>W \u015brod\u0119 29 kwietnia odb\u0119dzie si\u0119 Przedszkolny Przegl\u0105d Ta\u0144c\u00f3w Regionalnych. Ka\u017cda z grup zaprezentuje przygotowany przez siebie taniec.<\/p>\n","protected":false},"excerpt":{"rendered":"<p>W \u015brod\u0119 29 kwietnia odb\u0119dzie si\u0119 Przedszkolny Przegl\u0105d Ta\u0144c\u00f3w Regionalnych. Ka\u017cda z grup zaprezentuje przygotowany przez siebie taniec.<\/p>\n","protected":false},"author":256,"featured_media":0,"comment_status":"closed","ping_status":"open","sticky":false,"template":"","format":"standard","meta":{"ngg_post_thumbnail":0,"footnotes":""},"categories":[1],"tags":[],"class_list":["post-9940","post","type-post","status-publish","format-standard","hentry","category-aktualnosci","clearfix"],"_links":{"self":[{"href":"https:\/\/przedszkole2.edu.wroclaw.pl\/index.php\/wp-json\/wp\/v2\/posts\/9940","targetHints":{"allow":["GET"]}}],"collection":[{"href":"https:\/\/przedszkole2.edu.wroclaw.pl\/index.php\/wp-json\/wp\/v2\/posts"}],"about":[{"href":"https:\/\/przedszkole2.edu.wroclaw.pl\/index.php\/wp-json\/wp\/v2\/types\/post"}],"author":[{"embeddable":true,"href":"https:\/\/przedszkole2.edu.wroclaw.pl\/index.php\/wp-json\/wp\/v2\/users\/256"}],"replies":[{"embeddable":true,"href":"https:\/\/przedszkole2.edu.wroclaw.pl\/index.php\/wp-json\/wp\/v2\/comments?post=9940"}],"version-history":[{"count":1,"href":"https:\/\/przedszkole2.edu.wroclaw.pl\/index.php\/wp-json\/wp\/v2\/posts\/9940\/revisions"}],"predecessor-version":[{"id":9942,"href":"https:\/\/przedszkole2.edu.wroclaw.pl\/index.php\/wp-json\/wp\/v2\/posts\/9940\/revisions\/9942"}],"wp:attachment":[{"href":"https:\/\/przedszkole2.edu.wroclaw.pl\/index.php\/wp-json\/wp\/v2\/media?parent=9940"}],"wp:term":[{"taxonomy":"category","embeddable":true,"href":"https:\/\/przedszkole2.edu.wroclaw.pl\/index.php\/wp-json\/wp\/v2\/categories?post=9940"},{"taxonomy":"post_tag","embeddable":true,"href":"https:\/\/przedszkole2.edu.wroclaw.pl\/index.php\/wp-json\/wp\/v2\/tags?post=9940"}],"curies":[{"name":"wp","href":"https:\/\/api.w.org\/{rel}","templated":true}]}}