
{"id":9944,"date":"2026-04-29T08:07:54","date_gmt":"2026-04-29T06:07:54","guid":{"rendered":"https:\/\/przedszkole2.edu.wroclaw.pl\/?p=9944"},"modified":"2026-04-29T08:09:58","modified_gmt":"2026-04-29T06:09:58","slug":"dzien-flagi-2","status":"publish","type":"post","link":"https:\/\/przedszkole2.edu.wroclaw.pl\/index.php\/2026\/04\/29\/dzien-flagi-2\/","title":{"rendered":"Dzie\u0144 Flagi"},"content":{"rendered":"<p>W czwartek b\u0119dziemy uroczy\u015bcie obchodzi\u0107 Dzie\u0144 Flagi. To doskona\u0142a okazja do pokazania dzieciom jak wa\u017cne s\u0105 symbole narodowe.<\/p>\n","protected":false},"excerpt":{"rendered":"<p>W czwartek b\u0119dziemy uroczy\u015bcie obchodzi\u0107 Dzie\u0144 Flagi. To doskona\u0142a okazja do pokazania dzieciom jak wa\u017cne s\u0105 symbole narodowe.<\/p>\n","protected":false},"author":256,"featured_media":9945,"comment_status":"closed","ping_status":"open","sticky":false,"template":"","format":"standard","meta":{"ngg_post_thumbnail":0,"footnotes":""},"categories":[1],"tags":[],"class_list":["post-9944","post","type-post","status-publish","format-standard","has-post-thumbnail","hentry","category-aktualnosci","clearfix"],"_links":{"self":[{"href":"https:\/\/przedszkole2.edu.wroclaw.pl\/index.php\/wp-json\/wp\/v2\/posts\/9944","targetHints":{"allow":["GET"]}}],"collection":[{"href":"https:\/\/przedszkole2.edu.wroclaw.pl\/index.php\/wp-json\/wp\/v2\/posts"}],"about":[{"href":"https:\/\/przedszkole2.edu.wroclaw.pl\/index.php\/wp-json\/wp\/v2\/types\/post"}],"author":[{"embeddable":true,"href":"https:\/\/przedszkole2.edu.wroclaw.pl\/index.php\/wp-json\/wp\/v2\/users\/256"}],"replies":[{"embeddable":true,"href":"https:\/\/przedszkole2.edu.wroclaw.pl\/index.php\/wp-json\/wp\/v2\/comments?post=9944"}],"version-history":[{"count":1,"href":"https:\/\/przedszkole2.edu.wroclaw.pl\/index.php\/wp-json\/wp\/v2\/posts\/9944\/revisions"}],"predecessor-version":[{"id":9946,"href":"https:\/\/przedszkole2.edu.wroclaw.pl\/index.php\/wp-json\/wp\/v2\/posts\/9944\/revisions\/9946"}],"wp:featuredmedia":[{"embeddable":true,"href":"https:\/\/przedszkole2.edu.wroclaw.pl\/index.php\/wp-json\/wp\/v2\/media\/9945"}],"wp:attachment":[{"href":"https:\/\/przedszkole2.edu.wroclaw.pl\/index.php\/wp-json\/wp\/v2\/media?parent=9944"}],"wp:term":[{"taxonomy":"category","embeddable":true,"href":"https:\/\/przedszkole2.edu.wroclaw.pl\/index.php\/wp-json\/wp\/v2\/categories?post=9944"},{"taxonomy":"post_tag","embeddable":true,"href":"https:\/\/przedszkole2.edu.wroclaw.pl\/index.php\/wp-json\/wp\/v2\/tags?post=9944"}],"curies":[{"name":"wp","href":"https:\/\/api.w.org\/{rel}","templated":true}]}}