
{"id":9947,"date":"2026-04-30T13:34:47","date_gmt":"2026-04-30T11:34:47","guid":{"rendered":"https:\/\/przedszkole2.edu.wroclaw.pl\/?p=9947"},"modified":"2026-04-30T13:35:12","modified_gmt":"2026-04-30T11:35:12","slug":"rowrowy-maj","status":"publish","type":"post","link":"https:\/\/przedszkole2.edu.wroclaw.pl\/index.php\/2026\/04\/30\/rowrowy-maj\/","title":{"rendered":"Rowrowy Maj"},"content":{"rendered":"<p>Przypominamy, \u017ce od poniedzia\u0142ku 4 maja rozpoczynamy Kampani\u0119 Rowerowy Maj. Zach\u0119camy do aktywnych dojazd\u00f3w do przedszkola na rowerze, na hulajnodze, na wrotkach&#8230;<\/p>\n<p>Rywalizacja trwa do 29 maja.<\/p>\n","protected":false},"excerpt":{"rendered":"<p>Przypominamy, \u017ce od poniedzia\u0142ku 4 maja rozpoczynamy Kampani\u0119 Rowerowy Maj. Zach\u0119camy do aktywnych dojazd\u00f3w do przedszkola na rowerze, na hulajnodze, na wrotkach&#8230; Rywalizacja trwa do 29 maja.<\/p>\n","protected":false},"author":256,"featured_media":9889,"comment_status":"closed","ping_status":"open","sticky":false,"template":"","format":"standard","meta":{"ngg_post_thumbnail":0,"footnotes":""},"categories":[1],"tags":[],"class_list":["post-9947","post","type-post","status-publish","format-standard","has-post-thumbnail","hentry","category-aktualnosci","clearfix"],"_links":{"self":[{"href":"https:\/\/przedszkole2.edu.wroclaw.pl\/index.php\/wp-json\/wp\/v2\/posts\/9947","targetHints":{"allow":["GET"]}}],"collection":[{"href":"https:\/\/przedszkole2.edu.wroclaw.pl\/index.php\/wp-json\/wp\/v2\/posts"}],"about":[{"href":"https:\/\/przedszkole2.edu.wroclaw.pl\/index.php\/wp-json\/wp\/v2\/types\/post"}],"author":[{"embeddable":true,"href":"https:\/\/przedszkole2.edu.wroclaw.pl\/index.php\/wp-json\/wp\/v2\/users\/256"}],"replies":[{"embeddable":true,"href":"https:\/\/przedszkole2.edu.wroclaw.pl\/index.php\/wp-json\/wp\/v2\/comments?post=9947"}],"version-history":[{"count":1,"href":"https:\/\/przedszkole2.edu.wroclaw.pl\/index.php\/wp-json\/wp\/v2\/posts\/9947\/revisions"}],"predecessor-version":[{"id":9948,"href":"https:\/\/przedszkole2.edu.wroclaw.pl\/index.php\/wp-json\/wp\/v2\/posts\/9947\/revisions\/9948"}],"wp:featuredmedia":[{"embeddable":true,"href":"https:\/\/przedszkole2.edu.wroclaw.pl\/index.php\/wp-json\/wp\/v2\/media\/9889"}],"wp:attachment":[{"href":"https:\/\/przedszkole2.edu.wroclaw.pl\/index.php\/wp-json\/wp\/v2\/media?parent=9947"}],"wp:term":[{"taxonomy":"category","embeddable":true,"href":"https:\/\/przedszkole2.edu.wroclaw.pl\/index.php\/wp-json\/wp\/v2\/categories?post=9947"},{"taxonomy":"post_tag","embeddable":true,"href":"https:\/\/przedszkole2.edu.wroclaw.pl\/index.php\/wp-json\/wp\/v2\/tags?post=9947"}],"curies":[{"name":"wp","href":"https:\/\/api.w.org\/{rel}","templated":true}]}}